{"id":463,"date":"2015-03-23T08:10:51","date_gmt":"2015-03-23T07:10:51","guid":{"rendered":"http:\/\/www.dereckson.be\/blog\/?p=463"},"modified":"2022-02-23T02:28:52","modified_gmt":"2022-02-23T01:28:52","slug":"droit-dauteur-en-architecture-droit-a-limage-et-liberte-de-panorama","status":"publish","type":"post","link":"https:\/\/www.dereckson.be\/blog\/2015\/03\/23\/droit-dauteur-en-architecture-droit-a-limage-et-liberte-de-panorama\/","title":{"rendered":"Droit d&#8217;auteur en architecture, droit \u00e0 l&#8217;image et libert\u00e9 de panorama"},"content":{"rendered":"<p>Le site <em><a title=\"Fa\u00e7ades de Nice\" href=\"http:\/\/www.facades-de-nice.fr\/\">Fa\u00e7ades de Nice<\/a><\/em> a r\u00e9alis\u00e9 un travail appr\u00e9ciable d&#8217;inventaire et de photographie de compilation de l&#8217;architecture de la ville de Nice.<\/p>\n<p>Ils offrent \u00e9galement des visites guid\u00e9es et proposent des reproductions de leurs photographies. Plus r\u00e9cemment, ce site a d\u00e9cid\u00e9 de contribuer \u00e0 la Wikip\u00e9dia francophone en r\u00e9alisant une liste de ces fa\u00e7ades et par l\u00e0, \u00e0 Wikimedia Commons, en mettant des photographies des fa\u00e7ades correspondant \u00e0 des b\u00e2timents notables sous licence Creative Commons.<\/p>\n<p>La France ne disposant pas de la libert\u00e9 de panorama, une exception au droit d&#8217;auteur autorisant g\u00e9n\u00e9ralement la reproduction de b\u00e2timents et d\u2019\u0153uvres install\u00e9es de fa\u00e7on permanente dans l&#8217;espace public, il n&#8217;est gu\u00e8re possible de reproduire sans l&#8217;accord de l&#8217;ayant-droit, en principe l&#8217;architecte, des photographies de fa\u00e7ades dont l&#8217;architecte n&#8217;est pas d\u00e9c\u00e9d\u00e9 depuis plus de 70 ans (r\u00e9gime habituel du droit d&#8217;auteur).<\/p>\n<p>[<strong>Mise \u00e0 jour.<\/strong> <em>La <a href=\"https:\/\/www.legifrance.gouv.fr\/jorf\/id\/JORFTEXT000033202746\/\">loi du 7 octobre 2016<\/a> a amend\u00e9 le code de propri\u00e9t\u00e9 intellectuelle suite \u00e0 une initiative du l\u00e9gislateur pour inclure cette exception. Toutefois, cet article interdisant \u00ab l&#8217;exploitation commerciale \u00bb des photographies, a priori pour satisfaire \u00e0 la demande de journalistes de presse, qui souhaitent garder un certain monopole de leur m\u00e9tier, et aux pressions de l&#8217;ADAGP, une soci\u00e9t\u00e9 de collecte de droits d&#8217;auteur, cette exception n&#8217;est gu\u00e8re d&#8217;aucune utilit\u00e9, tant l&#8217;interpr\u00e9tation de l&#8217;exploitation commerciale est large. Ainsi, une mise \u00e0 disposition sous licence libre, autorisant par l\u00e0 tout usage, est incompatible avec cette loi.<\/em>]<\/p>\n<p>Wikimedia Commons respectant le droit d&#8217;auteur du pays source des photos et celui des \u00c9tats-Unis, les fichiers sont d\u00e8s lors supprim\u00e9s.<\/p>\n<p>Par mail, je re\u00e7ois alors du responsable de ce site \u00a0un argument int\u00e9ressant : celui que le <strong>droit \u00e0 l&#8217;image<\/strong> d&#8217;un b\u00e2timent pourrait appartenir au propri\u00e9taire de l&#8217;immeuble, <a href=\"http:\/\/www.pap.fr\/conseils\/voisinage\/le-droit-a-limage-des-biens\/a3290\">cet article \u00e0 l&#8217;appui<\/a>. Il ajoute \u00e9galement l&#8217;id\u00e9e selon laquelle \u00ab\u00a0l\u2019architecte ne fait que les plan et que le chef de chantier, les ma\u00e7ons, les mouleurs et les peintres en apporte le maximum le l\u2019aspect ext\u00e9rieur \u00bb.<\/p>\n<p>Clarifions donc les choses sur comment s&#8217;appliquent en l&#8217;esp\u00e8ce d&#8217;une part le droit d&#8217;auteur, d&#8217;autre part le droit \u00e0 l&#8217;image, qui sont deux chose diff\u00e9rentes,\u00a0pour les\u00a0b\u00e2timents r\u00e9cents.<\/p>\n<p><img loading=\"lazy\" decoding=\"async\" class=\" size-full wp-image-294 aligncenter\" src=\"https:\/\/www.dereckson.be\/blog\/wp-content\/uploads\/2014\/10\/200px-Rhombus_200x6.svg_.png\" alt=\"200px-Rhombus_200x6.svg\" width=\"200\" height=\"10\" \/><\/p>\n<h2>Droit \u00e0 l&#8217;image<\/h2>\n<p>Le droit \u00e0 l&#8217;image est une construction de jurisprudence d\u00e9riv\u00e9e avant\u00a0tout du droit au respect de la vie priv\u00e9e (je n&#8217;aborde pas dans cet article\u00a0le cas particulier de la n\u00e9gociation patrimoniale du droit \u00e0 l&#8217;image des personnes publiques), qui va trouver un\u00a0certain \u00e9cho en mati\u00e8re immobili\u00e8re devant les tribunaux fran\u00e7ais.<\/p>\n<p><strong>Le propri\u00e9taire d&#8217;une chose dispose d&#8217;un droit \u00e0 l&#8217;image partiel lui\u00a0permettant de s&#8217;opposer \u00e0 la repr\u00e9sentation lorsque celle-ci lui cause\u00a0un trouble anormal<\/strong>, \u00a0d&#8217;apr\u00e8s <a title=\"Cass. (aud. pl\u00e9n.), 7 mai 2004\" href=\"https:\/\/www.courdecassation.fr\/jurisprudence_2\/assemblee_pleniere_22\/arr_ecirc_459.html\">Cass. (aud. pl\u00e9n.), 7 mai 2004<\/a>. Cet arr\u00eat de cassation\u00a0fait suite \u00e0 une s\u00e9rie de solutions diff\u00e9rentes apport\u00e9es par les cours et tribunaux, dont <a href=\"http:\/\/www.droit-technologie.org\/actuality-772\/la-cour-de-cassation-francaise-limite-le-droit-a-l-image-des-proprieta.html\">cet article<\/a> retrace un bref panorama.<\/p>\n<p>Il est plausible que par extension, ce droit de s&#8217;opposer \u00e0 la\u00a0repr\u00e9sentation en cas de trouble anormal s&#8217;applique \u00e9galement \u00e0\u00a0l&#8217;ensemble des personnes jouissant d&#8217;un bien : l&#8217;usufruitier,\u00a0l&#8217;occupant l\u00e9gitime d&#8217;un lieu (le locataire disposant d&#8217;un contrat de\u00a0bail).<\/p>\n<p>II resterait m\u00eame coh\u00e9rent de faire valoir ce droit tout\u00a0simplement \u00e0 la personne exer\u00e7ant un droit au logement sur un bien\u00a0immobilier (un membre de la famille d&#8217;un locataire d\u00e9c\u00e9d\u00e9 ne reprenant\u00a0pas le contrat de bail en attente d&#8217;un autre logement, un squatteur),\u00a0tant la cour de cassation semble vouloir ici non pas affirmer un droit\u00a0au propri\u00e9taire d&#8217;une chose mais une circonstance o\u00f9 l&#8217;utilisateur\u00a0d&#8217;une chose peut se prot\u00e9ger contre un trouble anormal de jouissance.<\/p>\n<p>Si cette hypoth\u00e8se se v\u00e9rifiait, nous sortirions clairement du lien\u00a0propri\u00e9t\u00e9 &lt;&#8211;&gt; droit \u00e0 l&#8217;image pour entrer dans celui utilisation &lt;&#8211;&gt;\u00a0droit \u00e0 l&#8217;image, l&#8217;utilisation naissant ici du droit au logement.<\/p>\n<p><strong>S&#8217;il peut s&#8217;y opposer, il ne peut l&#8217;autoriser<\/strong> : ce droit \u00e0 l&#8217;image\u00a0permet dans des cas tr\u00e8s pr\u00e9cis de s&#8217;opposer \u00e0 la repr\u00e9sentation d&#8217;un\u00a0bien, mais non d&#8217;enfreindre le droit d&#8217;auteur de l&#8217;architecte.<\/p>\n<p>Attention, contrairement au raisonnement sugg\u00e9r\u00e9 par le responsable du site <em>Fa\u00e7ades de Nice<\/em> la cour de cassation n&#8217;a pas \u00e9mis ce raisonnement de par la\u00a0pr\u00e9sence d&#8217;autres intervenants que l&#8217;architecte (cf. <em>infra<\/em>\u00a0sur ce\u00a0point), mais parce que des tribunaux, suivis par des cours d&#8217;appel,\u00a0avaient conf\u00e9r\u00e9s au propri\u00e9taire d&#8217;une chose des droits non pr\u00e9vus par\u00a0la loi.<\/p>\n<p><img loading=\"lazy\" decoding=\"async\" class=\" size-full wp-image-294 aligncenter\" src=\"https:\/\/www.dereckson.be\/blog\/wp-content\/uploads\/2014\/10\/200px-Rhombus_200x6.svg_.png\" alt=\"200px-Rhombus_200x6.svg\" width=\"200\" height=\"10\" \/><\/p>\n<p>Le droit d&#8217;auteur na\u00eet du simple fait de cr\u00e9er une oeuvre. Nul ne\u00a0conteste qu&#8217;en droit fran\u00e7ais, du simple fait de concevoir l&#8217;oeuvre,\u00a0ne f\u00fbt-ce que sur plan, l&#8217;architecte est l&#8217;auteur de l&#8217;oeuvre\u00a0architecturale.<\/p>\n<p>L&#8217;hypoth\u00e8se avanc\u00e9e par Fa\u00e7ades de Nice selon laquelle \u00ab <em>l\u2019architecte ne fait\u00a0que les plan et que le chef de chantier, les ma\u00e7ons, les mouleurs et\u00a0les peintres en apporte le maximum le l\u2019aspect ext\u00e9rieur<\/em> \u00bb n&#8217;est pas\u00a0suivie par la jurisprudence, \u00e0 l&#8217;exception des \u0153uvres distinctes et\u00a0incorpor\u00e9es, comme la r\u00e9alisation de sculptures, qui donne alors un\u00a0droit d&#8217;auteur au sculpteur. Remarquons que si cette hypoth\u00e8se \u00e9tait, il conviendrait de devoir n\u00e9gocier les droits avec l&#8217;ensemble \u00a0\u00a0ces personnes, chacune serait en effet alors titulaire de droits.\u00a0Le droit d&#8217;auteur ne s&#8217;efface en effet pas devant la pluralit\u00e9 des\u00a0auteurs, un r\u00e9gime particulier est pr\u00e9vu pour les \u0153uvres collectives.<\/p>\n<p><img loading=\"lazy\" decoding=\"async\" class=\" size-full wp-image-294 aligncenter\" src=\"https:\/\/www.dereckson.be\/blog\/wp-content\/uploads\/2014\/10\/200px-Rhombus_200x6.svg_.png\" alt=\"200px-Rhombus_200x6.svg\" width=\"200\" height=\"10\" \/><\/p>\n<h2>En r\u00e9sum\u00e9<\/h2>\n<p>Deux droits distincts s&#8217;appliquent :<\/p>\n<ul>\n<li>de par le droit d&#8217;auteur, l&#8217;architecte voit son oeuvre prot\u00e9g\u00e9e, et\u00a0doit autoriser la repr\u00e9sentation ;<\/li>\n<li>de par le droit \u00e0 l&#8217;image, le propri\u00e9taire peut s&#8217;opposer \u00e0 la\u00a0s&#8217;il justifie d&#8217;un trouble anormal.<\/li>\n<\/ul>\n","protected":false},"excerpt":{"rendered":"<p>Le site Fa\u00e7ades de Nice a r\u00e9alis\u00e9 un travail appr\u00e9ciable d&#8217;inventaire et de photographie de compilation de l&#8217;architecture de la ville de Nice. Ils offrent \u00e9galement des visites guid\u00e9es et proposent des reproductions de leurs photographies. Plus r\u00e9cemment, ce site a d\u00e9cid\u00e9 de contribuer \u00e0 la Wikip\u00e9dia francophone en r\u00e9alisant une liste de ces fa\u00e7ades [&hellip;]<\/p>\n","protected":false},"author":2,"featured_media":0,"comment_status":"open","ping_status":"open","sticky":false,"template":"","format":"standard","meta":{"footnotes":""},"categories":[40,86,94],"tags":[],"class_list":["post-463","post","type-post","status-publish","format-standard","hentry","category-photographie","category-wikimedia-fr","category-propriete-intellectuelle"],"_links":{"self":[{"href":"https:\/\/www.dereckson.be\/blog\/wp-json\/wp\/v2\/posts\/463","targetHints":{"allow":["GET"]}}],"collection":[{"href":"https:\/\/www.dereckson.be\/blog\/wp-json\/wp\/v2\/posts"}],"about":[{"href":"https:\/\/www.dereckson.be\/blog\/wp-json\/wp\/v2\/types\/post"}],"author":[{"embeddable":true,"href":"https:\/\/www.dereckson.be\/blog\/wp-json\/wp\/v2\/users\/2"}],"replies":[{"embeddable":true,"href":"https:\/\/www.dereckson.be\/blog\/wp-json\/wp\/v2\/comments?post=463"}],"version-history":[{"count":5,"href":"https:\/\/www.dereckson.be\/blog\/wp-json\/wp\/v2\/posts\/463\/revisions"}],"predecessor-version":[{"id":513,"href":"https:\/\/www.dereckson.be\/blog\/wp-json\/wp\/v2\/posts\/463\/revisions\/513"}],"wp:attachment":[{"href":"https:\/\/www.dereckson.be\/blog\/wp-json\/wp\/v2\/media?parent=463"}],"wp:term":[{"taxonomy":"category","embeddable":true,"href":"https:\/\/www.dereckson.be\/blog\/wp-json\/wp\/v2\/categories?post=463"},{"taxonomy":"post_tag","embeddable":true,"href":"https:\/\/www.dereckson.be\/blog\/wp-json\/wp\/v2\/tags?post=463"}],"curies":[{"name":"wp","href":"https:\/\/api.w.org\/{rel}","templated":true}]}}